[{"@context":"https:\/\/schema.org\/","@type":"Article","@id":"https:\/\/www.dostane.cz\/pujcovna-karavanu\/#Article","mainEntityOfPage":"https:\/\/www.dostane.cz\/pujcovna-karavanu\/","headline":"p\u016fj\u010dovna karavan\u016f","name":"p\u016fj\u010dovna karavan\u016f","description":"P\u016fj\u010dovna karavan\u016f Chcete-li si p\u016fj\u010dit, opravit nebo rovnou koupit karavan, je pro v\u00e1s na\u0161e p\u016fj\u010dovna karavan\u016f jako stvo\u0159en\u00e1. Na\u0161e nab\u00eddka je pestr\u00e1 nejen slo\u017een\u00edm vozov\u00e9ho parku, ale tak\u00e9 servisem, kter\u00fd poskytujeme majitel\u016fm obytn\u00fdch p\u0159\u00edv\u011bs\u016f a karavan\u016f. P\u0159\u00edjde se tedy pod\u00edvat p\u0159\u00edmo k n\u00e1m nebo na na\u0161e internetov\u00e9 str\u00e1nky. Budete srde\u010dn\u011b v\u00edt\u00e1ni. P\u016fj\u010dovna karavan\u016f V\u011b\u0159\u00edme, \u017ee [&hellip;]","datePublished":"2025-02-27","dateModified":"2025-02-27","author":{"@type":"Person","@id":"https:\/\/www.dostane.cz\/author\/devene\/#Person","name":"dostane.cz","url":"https:\/\/www.dostane.cz\/author\/devene\/","identifier":1,"image":{"@type":"ImageObject","@id":"https:\/\/secure.gravatar.com\/avatar\/4a857923b487546550539169ba61d16e7910c692fb61fb4681a6882b9bc918c0?s=96&d=mm&r=g","url":"https:\/\/secure.gravatar.com\/avatar\/4a857923b487546550539169ba61d16e7910c692fb61fb4681a6882b9bc918c0?s=96&d=mm&r=g","height":96,"width":96}},"publisher":{"@type":"Organization","name":"dostane.cz","logo":{"@type":"ImageObject","@id":"\/logo.png","url":"\/logo.png","width":600,"height":60}},"url":"https:\/\/www.dostane.cz\/pujcovna-karavanu\/","wordCount":184,"articleBody":"P\u016fj\u010dovna karavan\u016f Chcete-li si p\u016fj\u010dit, opravit nebo rovnou koupit karavan, je pro v\u00e1s na\u0161e p\u016fj\u010dovna karavan\u016f jako stvo\u0159en\u00e1. Na\u0161e nab\u00eddka je pestr\u00e1 nejen slo\u017een\u00edm vozov\u00e9ho parku, ale tak\u00e9 servisem, kter\u00fd poskytujeme majitel\u016fm obytn\u00fdch p\u0159\u00edv\u011bs\u016f a karavan\u016f. P\u0159\u00edjde se tedy pod\u00edvat p\u0159\u00edmo k n\u00e1m nebo na na\u0161e internetov\u00e9 str\u00e1nky. Budete srde\u010dn\u011b v\u00edt\u00e1ni.P\u016fj\u010dovna karavan\u016fV\u011b\u0159\u00edme, \u017ee jsme \u0161iroko daleko nejlep\u0161\u00ed p\u016fj\u010dovna karavan\u016f a obytn\u00fdch p\u0159\u00edv\u011bs\u016f a d\u016fkazem jsou na\u0161i neust\u00e1le p\u0159ib\u00edvaj\u00edc\u00ed z\u00e1kazn\u00edci. Spokojenost z\u00e1kazn\u00edka je u n\u00e1s samoz\u0159ejm\u011b na prvn\u00edm m\u00edst\u011b. Na\u0161e p\u016fj\u010dovna karavan\u016f V\u00e1m nab\u00edz\u00ed i n\u00e1kup r\u016fzn\u00fdch p\u0159\u00edslu\u0161enstv\u00ed. Nev\u00e1hejte tedy a sta\u0148te se dal\u0161\u00edm spokojen\u00fdm z\u00e1kazn\u00edkem na\u0161eho obchodu.PrevenceNab\u00edz\u00edme tak\u00e9 preventivn\u00ed kontroly va\u0161ich p\u0159\u00edv\u011bs\u016f a karavan\u016f za velice p\u0159\u00edjemn\u00e9 ceny.                                                                                                                                                                                                                                                                                                                                                                                                "},{"@context":"https:\/\/schema.org\/","@type":"BreadcrumbList","itemListElement":[{"@type":"ListItem","position":1,"name":"p\u016fj\u010dovna karavan\u016f","item":"https:\/\/www.dostane.cz\/pujcovna-karavanu\/#breadcrumbitem"}]}]